{"id":7484,"date":"2020-08-31T11:30:12","date_gmt":"2020-08-31T09:30:12","guid":{"rendered":"https:\/\/cincinnato.it\/?p=7484"},"modified":"2020-11-26T16:29:54","modified_gmt":"2020-11-26T15:29:54","slug":"wine-and-jazz-with-joachim-florent-2","status":"publish","type":"post","link":"https:\/\/www.cincinnato.it\/en\/wine-and-jazz-with-joachim-florent-2\/","title":{"rendered":"Wine and Jazz"},"content":{"rendered":"<hr \/>\n<h4 style=\"text-align: justify;\"><em><span style=\"font-size: 18pt;\">The young double-bass player will receive the Premio Cincinnato award on Sunday 6 September<\/span><\/em><\/h4>\n<hr \/>\n<p>&nbsp;<\/p>\n<p style=\"text-align: justify;\"><span style=\"font-size: 14pt;\"><span class=\"btx-dropcap btx-p-brand-contrast-color btx-p-brand-bg\" style=\"color:primary-background; background-color:secondary-text;\">C<\/span>incinnato pairs with jazz and after our interview with a great musician like Paolo Damiani, precisely his helpfulness and creativity placed our wines front of stage in the 23rd edition of <a href=\"https:\/\/associazioneteatrodellascolto.it\/\"><em>Una Striscia di Terra Feconda<\/em><\/a>, the French\u2013Italian jazz and improvised music festival running 5\u20138 September at Rome\u2019s Casa del Jazz.<\/span><\/p>\n<p style=\"text-align: justify;\"><span style=\"font-size: 14pt;\">In the runup to the event, a series of <em>OltreRoma<\/em> appointments were scheduled (Palestrina, Museo Archeologico Nazionale and Fortuna Primigenia sanctuary; Caprarola, Palazzo Farnese; Subiaco, Rocca dei Borgia). There was also a preview evening in Rome, hosted by the Auditorium Cavea Parco della Musica on 30 July, with concerts by Roberto Negro \u201cDadada\u201d (winner of the SIAE 2020 award), and the Paolo Fresu Quintet, with special guest Filippo Vignato.<\/span><\/p>\n<p style=\"text-align: justify;\"><span style=\"font-size: 14pt;\">On Saturday 5 September the official opening will be dedicated to tango, with the national premiere of Eric Seva\u2019s <em>Mother of Pearl<\/em> for <em>Soir\u00e9e Tango<\/em>, followed by Javier Girotto\u2019s <em>Aires Tango<\/em>.<\/span><\/p>\n<p style=\"text-align: justify;\"><span style=\"font-size: 14pt;\">On the morning of Sunday 6 September, an original production dedicated to children will begin in the Casa del Jazz Park with <em>Dinosauri<\/em>, airy voices, colour and \u2026 stories written to be sung, an event managed by Tullio Visioli and Chlo\u00e9 Roquefeuil in collaboration with <em>Il Jazz Va a Scuola<\/em>. In the afternoon, another original production, in the Auditorium Parco della Musica\u2019s Sala Petrassi with the screening of the docufilm <em>Una Striscia di Terra Feconda,<\/em> in collaboration with RUFA, Rome University of Fine Arts, and created by Arianna Sciancalepore and Daniele Cimaglia. In the evening, <em>Residence 2020 Continuum &amp; Singularity <\/em>an original production in collaboration with the Institut Fran\u00e7ais Italia, the French Embassy to Italy, \u200b\u200bMIDJ and SIAE featuring Joachim Florent, double bass; Anais Drago, violin; Livio Bartolo, guitar; Francesco Fiorenzani, guitar; and Francesca Remigi, drums. Afterwards, the Gianluca Petrella Trio, featuring Thomas De Pourquery and Pasquale Mirra.<\/span><\/p>\n<p style=\"text-align: justify;\"><span style=\"font-size: 14pt;\">On Monday 7 September, the national premiere of Nosax Noclar: Julien Stella, clarinets, and Bastien Weeger, saxophone and clarinets, followed by the original production <em>Sconfinato<\/em>, with Geraldine Laurent and Rosario Giuliani, both alto sax, Fabrizio Sferra, drums, and Dario Deidda, double bass.<\/span><\/p>\n<p style=\"text-align: justify;\"><span style=\"font-size: 14pt;\">The 2020 edition of <em>Una Striscia di Terra Feconda<\/em> ends on Tuesday 8 September with the original production <em>Canzoni Francesi, Chansons Italiennes<\/em>, with Danilo Rea on piano, and the other original production <em>La Clameur des Lucioles<\/em> by Jo\u00ebl Bastard with Erik Truffaz, trumpet, and Sandrine Bonnaire, narrator.<\/span><\/p>\n<p style=\"text-align: justify;\"><span style=\"font-size: 14pt;\">Although festival staff have already made the acquaintance of the wines, which will be served at all the event dinners, the official encounter between Cincinnato and the festival (art direction in the capable hands of its two creators Paolo Damiani and Armand Meignan) will be on Sunday 6 September, when the <em>Premio Cincinnato<\/em> \u2013 an absolute novelty for the festival and for our winery \u2013 will be awarded. This year\u2019s prize goes to Joachim Florent, motivated thus \u201cFor his intoxicating scores: like music, wine is culture, research, emotion, pleasure. Wine is music.\u201d<\/span><\/p>\n<p style=\"text-align: justify;\"><span style=\"font-size: 14pt;\">As the deadline for our monthly interviews came round, we thought there was no better time to get to know Joachim Florent better. Born in 1979, in Brussels where he still lives, the double-bass player has worked with a number of partners (Jean Louis, Metalophone, Imp\u00e9rial Quartet, Radiation 10), he studied Physics of Materials at Lyon Institut National des Sciences Appliqu\u00e9es, and at the same time started his career as a musician by studying classical double bass at Villeurbanne ENM (\u00c9cole Nationale de Musique, Danse et Art Dramatique) and jazz at the Paris <em>Conservatoire<\/em>\u00a0National Sup\u00e9rieur de Musique et de Danse.<\/span><\/p>\n<p style=\"text-align: justify;\"><strong><span style=\"font-size: 12pt;\"><div class=\"btx-item btx-image btx-center-position\"><div class=\"btx-image-container\"><div class=\"btx-media-wrapper modal-image\" style=\"max-width:80%;\"><a class=\"btx-media-wrapper-inner\" href=\"https:\/\/www.cincinnato.it\/wp-content\/uploads\/2020\/08\/joachimflorenthd-michael-parque.jpg\" target=\"_blank\"><img fetchpriority=\"high\" decoding=\"async\" src=\"https:\/\/www.cincinnato.it\/wp-content\/uploads\/2020\/08\/joachimflorenthd-michael-parque-1280x1707.jpg\" alt=\"Vino e Jazz con Joachim Florent\"  width=\"1280\" height=\"1707\" srcset=\"https:\/\/www.cincinnato.it\/wp-content\/uploads\/2020\/08\/joachimflorenthd-michael-parque-1280x1707.jpg 1280w, https:\/\/www.cincinnato.it\/wp-content\/uploads\/2020\/08\/joachimflorenthd-michael-parque-684x912.jpg 684w, https:\/\/www.cincinnato.it\/wp-content\/uploads\/2020\/08\/joachimflorenthd-michael-parque-768x1024.jpg 768w, https:\/\/www.cincinnato.it\/wp-content\/uploads\/2020\/08\/joachimflorenthd-michael-parque-512x683.jpg 512w, https:\/\/www.cincinnato.it\/wp-content\/uploads\/2020\/08\/joachimflorenthd-michael-parque-334x445.jpg 334w\" sizes=\"(max-width:1280px) 100vw, 1280px\" \/><\/a><\/div><\/div><\/div><\/span><\/strong><\/p>\n<h3 style=\"text-align: justify;\"><strong><span style=\"font-size: 14pt;\">Hi Joachim, we\u2019re very happy to award this prize to a young European musician, not least for the international aspect you bring to us. Our first question is to ask what you think of music as a symbol of the union of cultures, peoples, continents &#8230;<\/span><\/strong><\/h3>\n<p style=\"text-align: justify;\"><span style=\"font-size: 14pt;\">\u201cAlthough there is a long and brilliant history of solo music, and I do solo performances quite regularly, it seems to me that music \u2013 like theatre \u2013 is the quintessential collective art. This means that the music acquires its full meaning when shared among musicians, and this happens above all in improvised music or in jazz, where the musicians share their culture and their personalities during a moment in time that is then shared with the audience. So it\u2019s above all the story of sharing in sound form among all musicians, and among them and the public. One of the main capabilities of improvised music and jazz in its history is precisely that of being nurtured by all the cultures encountered. I think jazz itself derives from the appropriation by African\u2013American musicians, with their blues and gospel roots, of European classical culture, and then \u2013 in return \u2013 the appropriation by white musicians of this new music created by blacks. All this is not without its problems, but it affords this music and this practice something transcultural which I find respects deeply and even enhances the individual cultures. Personally I am very happy to meet musicians from all continents, sharing our art with them without any concern for understanding one another, although sometimes we can barely exchange a few words. In this sense and thanks to its emotional and abstract power, music can overcome language.\u201d<\/span><\/p>\n<h3 style=\"text-align: justify;\"><strong><span style=\"font-size: 14pt;\">In your opinion, how many things do music and wine have in common?<\/span><\/strong><\/h3>\n<p style=\"text-align: justify;\"><span style=\"font-size: 14pt;\">\u201cThe best proof is that the two go very well together! What could be more delicious than a glass of fine wine while listening to a good record or a great concert! Beyond this, for me wine and music are synonyms of conviviality, and both are woven with infinite threads. Sometimes I imagine how the work of the winemaker can be compared to that of the musician as an artisanal skill. I feel close to the approach of the winegrowers who produce natural wine, to those who generally work on a small scale and make quality products, running risks and facing the unknown, but who are in the rows and in the cellars to manage all the processing stages up to distribution, a bit like me for the records I produce &#8230;\u201d<\/span><\/p>\n<h3 style=\"text-align: justify;\"><strong><span style=\"font-size: 14pt;\">Do the places you visit or your life experiences, even with food and wine, also inspire your music?<\/span><\/strong><\/h3>\n<p style=\"text-align: justify;\"><span style=\"font-size: 14pt;\">\u201cI have to admit that I don\u2019t think about it too much. In fact, before Paolo Damiani\u2019s invitation to compose music related to wine, I had never given it any serious thought. Having said that, I believe we are what we eat and drink, which helps us to capture the little musical notes floating in the air!\u201d<\/span><\/p>\n<p style=\"text-align: justify;\"><strong><div class=\"btx-item btx-image btx-center-position\"><div class=\"btx-image-container\"><div class=\"btx-media-wrapper modal-image\" style=\"max-width:80%;\"><a class=\"btx-media-wrapper-inner\" href=\"https:\/\/www.cincinnato.it\/wp-content\/uploads\/2020\/08\/designers-selfie.jpg\" target=\"_blank\"><img decoding=\"async\" src=\"https:\/\/www.cincinnato.it\/wp-content\/uploads\/2020\/08\/designers-selfie.jpg\" alt=\"Vino e Jazz con Joachim Florent\"  width=\"414\" height=\"734\" srcset=\"https:\/\/www.cincinnato.it\/wp-content\/uploads\/2020\/08\/designers-selfie.jpg 414w, https:\/\/www.cincinnato.it\/wp-content\/uploads\/2020\/08\/designers-selfie-282x500.jpg 282w\" sizes=\"(max-width:414px) 100vw, 414px\" \/><\/a><\/div><\/div><\/div><\/strong><\/p>\n<h3 style=\"text-align: justify;\"><strong><span style=\"font-size: 14pt;\">Have you already been to Rome or have you perhaps tasted the wines of our region?<\/span><\/strong><\/h3>\n<p style=\"text-align: justify;\"><span style=\"font-size: 14pt;\">\u201cI\u2019ve played in Rome many times, often at the invitation of <em>Una Striscia di Terra Feconda<\/em>, and even if I haven\u2019t turned them into music, I have many delicious culinary memories! I have certainly had a chance to taste Lazio wines but I admit I\u2019m not a great wine connoisseur. Let\u2019s not forget it\u2019s a truly vast world! Especially considering that in France we\u2019re equally well supplied and it\u2019s not always easy to find quality foreign wines (could there be a hint of French chauvinism here&#8230;?)\u201d<\/span><\/p>\n<h3 style=\"text-align: justify;\"><strong><span style=\"font-size: 14pt;\">What message would you like to leave to our readers (many of whom will be attending your concert on Sunday 6 September)?<\/span><\/strong><\/h3>\n<p style=\"text-align: justify;\"><span style=\"font-size: 14pt;\">\u201cAs we described them, wine and music are symbols of sharing! The full meaning of wine emerges during its sharing, which is always better than drinking a glass alone in your own corner. In the same way, music is also an opportunity for people to meet and share a unique moment. Let\u2019s not forget that we have spent several months locked in our homes without seeing anyone, and now we even think twice before shaking hands &#8230; We need to be wary of forgetting what makes us flesh-and-blood human beings and remember that we\u2019re not hyper-connected beings confined behind their machines!\u201d<\/span><\/p>\n<p style=\"text-align: justify;\"><strong><span style=\"font-size: 12pt;\"><div class=\"btx-item btx-image btx-center-position\"><div class=\"btx-image-container\"><div class=\"btx-media-wrapper modal-image\" style=\"max-width:50%;\"><a class=\"btx-media-wrapper-inner\" href=\"https:\/\/www.cincinnato.it\/wp-content\/uploads\/2020\/11\/CAMPAGNA-FINANZIATA-AI-SENSI-DEL-REGOLAMENTO-CE-N.png\" target=\"_blank\"><img decoding=\"async\" src=\"https:\/\/www.cincinnato.it\/wp-content\/uploads\/2020\/11\/CAMPAGNA-FINANZIATA-AI-SENSI-DEL-REGOLAMENTO-CE-N-512x69.png\" alt=\"\"  width=\"512\" height=\"69\" srcset=\"https:\/\/www.cincinnato.it\/wp-content\/uploads\/2020\/11\/CAMPAGNA-FINANZIATA-AI-SENSI-DEL-REGOLAMENTO-CE-N-512x69.png 512w, https:\/\/www.cincinnato.it\/wp-content\/uploads\/2020\/11\/CAMPAGNA-FINANZIATA-AI-SENSI-DEL-REGOLAMENTO-CE-N-500x67.png 500w\" sizes=\"(max-width:512px) 100vw, 512px\" \/><\/a><\/div><\/div><\/div><\/span><\/strong><\/p>\n","protected":false},"excerpt":{"rendered":"<p>Joachim Florent<\/p>\n","protected":false},"author":219,"featured_media":7492,"comment_status":"closed","ping_status":"open","sticky":false,"template":"","format":"standard","meta":{"footnotes":""},"categories":[101],"tags":[295,181,100,297,176,296],"class_list":["post-7484","post","type-post","status-publish","format-standard","has-post-thumbnail","hentry","category-news-en","tag-295","tag-cincinnato-en","tag-lazio","tag-report","tag-vino-en","tag-vintage"],"yoast_head":"<!-- This site is optimized with the Yoast SEO plugin v24.3 - https:\/\/yoast.com\/wordpress\/plugins\/seo\/ -->\n<title>Wine and Jazz with Joachim Florent - News - Cincinnato<\/title>\n<meta name=\"description\" content=\"The young double-bass player, Joachim Florent, will receive the Premio Cincinnato award on Sunday 6 September...\" \/>\n<meta name=\"robots\" content=\"index, follow, max-snippet:-1, max-image-preview:large, max-video-preview:-1\" \/>\n<link rel=\"canonical\" href=\"https:\/\/www.cincinnato.it\/en\/wine-and-jazz-with-joachim-florent-2\/\" \/>\n<meta property=\"og:locale\" content=\"en_US\" \/>\n<meta property=\"og:type\" content=\"article\" \/>\n<meta property=\"og:title\" content=\"Wine and Jazz with Joachim Florent - News - Cincinnato\" \/>\n<meta property=\"og:description\" content=\"The young double-bass player, Joachim Florent, will receive the Premio Cincinnato award on Sunday 6 September...\" \/>\n<meta property=\"og:url\" content=\"https:\/\/www.cincinnato.it\/en\/wine-and-jazz-with-joachim-florent-2\/\" \/>\n<meta property=\"og:site_name\" content=\"Cincinnato Cooperativa Agricola\" \/>\n<meta property=\"article:publisher\" content=\"https:\/\/www.facebook.com\/Cincinnatovini\/\" \/>\n<meta property=\"article:published_time\" content=\"2020-08-31T09:30:12+00:00\" \/>\n<meta property=\"article:modified_time\" content=\"2020-11-26T15:29:54+00:00\" \/>\n<meta property=\"og:image\" content=\"https:\/\/www.cincinnato.it\/wp-content\/uploads\/2020\/08\/a-1024x819.png\" \/>\n\t<meta property=\"og:image:width\" content=\"1024\" \/>\n\t<meta property=\"og:image:height\" content=\"819\" \/>\n\t<meta property=\"og:image:type\" content=\"image\/png\" \/>\n<meta name=\"author\" content=\"Fabio Ciarla\" \/>\n<meta name=\"twitter:card\" content=\"summary_large_image\" \/>\n<meta name=\"twitter:creator\" content=\"@cincinnatovini\" \/>\n<meta name=\"twitter:site\" content=\"@cincinnatovini\" \/>\n<meta name=\"twitter:label1\" content=\"Written by\" \/>\n\t<meta name=\"twitter:data1\" content=\"Fabio Ciarla\" \/>\n\t<meta name=\"twitter:label2\" content=\"Est. reading time\" \/>\n\t<meta name=\"twitter:data2\" content=\"7 minutes\" \/>\n<script type=\"application\/ld+json\" class=\"yoast-schema-graph\">{\"@context\":\"https:\/\/schema.org\",\"@graph\":[{\"@type\":\"Article\",\"@id\":\"https:\/\/www.cincinnato.it\/en\/wine-and-jazz-with-joachim-florent-2\/#article\",\"isPartOf\":{\"@id\":\"https:\/\/www.cincinnato.it\/en\/wine-and-jazz-with-joachim-florent-2\/\"},\"author\":{\"name\":\"Fabio Ciarla\",\"@id\":\"http:\/\/13.81.169.4\/#\/schema\/person\/ae064db69d13cac942dbd31bb79b9c4e\"},\"headline\":\"Wine and Jazz\",\"datePublished\":\"2020-08-31T09:30:12+00:00\",\"dateModified\":\"2020-11-26T15:29:54+00:00\",\"mainEntityOfPage\":{\"@id\":\"https:\/\/www.cincinnato.it\/en\/wine-and-jazz-with-joachim-florent-2\/\"},\"wordCount\":1382,\"publisher\":{\"@id\":\"http:\/\/13.81.169.4\/#organization\"},\"image\":{\"@id\":\"https:\/\/www.cincinnato.it\/en\/wine-and-jazz-with-joachim-florent-2\/#primaryimage\"},\"thumbnailUrl\":\"https:\/\/www.cincinnato.it\/wp-content\/uploads\/2020\/08\/a.png\",\"keywords\":[\"2019\",\"cincinnato\",\"lazio\",\"report\",\"vino\",\"vintage\"],\"articleSection\":[\"News\"],\"inLanguage\":\"en-US\"},{\"@type\":\"WebPage\",\"@id\":\"https:\/\/www.cincinnato.it\/en\/wine-and-jazz-with-joachim-florent-2\/\",\"url\":\"https:\/\/www.cincinnato.it\/en\/wine-and-jazz-with-joachim-florent-2\/\",\"name\":\"Wine and Jazz with Joachim Florent - News - Cincinnato\",\"isPartOf\":{\"@id\":\"http:\/\/13.81.169.4\/#website\"},\"primaryImageOfPage\":{\"@id\":\"https:\/\/www.cincinnato.it\/en\/wine-and-jazz-with-joachim-florent-2\/#primaryimage\"},\"image\":{\"@id\":\"https:\/\/www.cincinnato.it\/en\/wine-and-jazz-with-joachim-florent-2\/#primaryimage\"},\"thumbnailUrl\":\"https:\/\/www.cincinnato.it\/wp-content\/uploads\/2020\/08\/a.png\",\"datePublished\":\"2020-08-31T09:30:12+00:00\",\"dateModified\":\"2020-11-26T15:29:54+00:00\",\"description\":\"The young double-bass player, Joachim Florent, will receive the Premio Cincinnato award on Sunday 6 September...\",\"breadcrumb\":{\"@id\":\"https:\/\/www.cincinnato.it\/en\/wine-and-jazz-with-joachim-florent-2\/#breadcrumb\"},\"inLanguage\":\"en-US\",\"potentialAction\":[{\"@type\":\"ReadAction\",\"target\":[\"https:\/\/www.cincinnato.it\/en\/wine-and-jazz-with-joachim-florent-2\/\"]}]},{\"@type\":\"ImageObject\",\"inLanguage\":\"en-US\",\"@id\":\"https:\/\/www.cincinnato.it\/en\/wine-and-jazz-with-joachim-florent-2\/#primaryimage\",\"url\":\"https:\/\/www.cincinnato.it\/wp-content\/uploads\/2020\/08\/a.png\",\"contentUrl\":\"https:\/\/www.cincinnato.it\/wp-content\/uploads\/2020\/08\/a.png\",\"width\":1400,\"height\":1120,\"caption\":\"Joachim Florent\"},{\"@type\":\"BreadcrumbList\",\"@id\":\"https:\/\/www.cincinnato.it\/en\/wine-and-jazz-with-joachim-florent-2\/#breadcrumb\",\"itemListElement\":[{\"@type\":\"ListItem\",\"position\":1,\"name\":\"Home\",\"item\":\"https:\/\/13.81.169.4\/en\/\"},{\"@type\":\"ListItem\",\"position\":2,\"name\":\"Wine and Jazz\"}]},{\"@type\":\"WebSite\",\"@id\":\"http:\/\/13.81.169.4\/#website\",\"url\":\"http:\/\/13.81.169.4\/\",\"name\":\"Cincinnato\",\"description\":\"Produzione Vini Cori Lazio- vitigni autoctoni Nero Buono e Bellone\",\"publisher\":{\"@id\":\"http:\/\/13.81.169.4\/#organization\"},\"potentialAction\":[{\"@type\":\"SearchAction\",\"target\":{\"@type\":\"EntryPoint\",\"urlTemplate\":\"http:\/\/13.81.169.4\/?s={search_term_string}\"},\"query-input\":{\"@type\":\"PropertyValueSpecification\",\"valueRequired\":true,\"valueName\":\"search_term_string\"}}],\"inLanguage\":\"en-US\"},{\"@type\":\"Organization\",\"@id\":\"http:\/\/13.81.169.4\/#organization\",\"name\":\"Cincinnato\",\"url\":\"http:\/\/13.81.169.4\/\",\"logo\":{\"@type\":\"ImageObject\",\"inLanguage\":\"en-US\",\"@id\":\"http:\/\/13.81.169.4\/#\/schema\/logo\/image\/\",\"url\":\"https:\/\/cincinnato.it\/wp-content\/uploads\/2016\/11\/logo_cincinnato_gold.png\",\"contentUrl\":\"https:\/\/cincinnato.it\/wp-content\/uploads\/2016\/11\/logo_cincinnato_gold.png\",\"width\":168,\"height\":70,\"caption\":\"Cincinnato\"},\"image\":{\"@id\":\"http:\/\/13.81.169.4\/#\/schema\/logo\/image\/\"},\"sameAs\":[\"https:\/\/www.facebook.com\/Cincinnatovini\/\",\"https:\/\/x.com\/cincinnatovini\",\"https:\/\/www.instagram.com\/cincinnatovini\/\",\"https:\/\/www.linkedin.com\/company\/cincinnato-vini\",\"https:\/\/www.youtube.com\/channel\/UCW7g47AriBpxYIiMiN-RNxA?view_as=subscriber\"]},{\"@type\":\"Person\",\"@id\":\"http:\/\/13.81.169.4\/#\/schema\/person\/ae064db69d13cac942dbd31bb79b9c4e\",\"name\":\"Fabio Ciarla\",\"image\":{\"@type\":\"ImageObject\",\"inLanguage\":\"en-US\",\"@id\":\"http:\/\/13.81.169.4\/#\/schema\/person\/image\/\",\"url\":\"http:\/\/cincinnato.it\/wp-content\/uploads\/2021\/05\/avatar_user_219_1621514439-96x96.jpg\",\"contentUrl\":\"http:\/\/cincinnato.it\/wp-content\/uploads\/2021\/05\/avatar_user_219_1621514439-96x96.jpg\",\"caption\":\"Fabio Ciarla\"},\"url\":\"https:\/\/www.cincinnato.it\/en\/author\/fabio-ciarla\/\"}]}<\/script>\n<!-- \/ Yoast SEO plugin. -->","yoast_head_json":{"title":"Wine and Jazz with Joachim Florent - News - Cincinnato","description":"The young double-bass player, Joachim Florent, will receive the Premio Cincinnato award on Sunday 6 September...","robots":{"index":"index","follow":"follow","max-snippet":"max-snippet:-1","max-image-preview":"max-image-preview:large","max-video-preview":"max-video-preview:-1"},"canonical":"https:\/\/www.cincinnato.it\/en\/wine-and-jazz-with-joachim-florent-2\/","og_locale":"en_US","og_type":"article","og_title":"Wine and Jazz with Joachim Florent - News - Cincinnato","og_description":"The young double-bass player, Joachim Florent, will receive the Premio Cincinnato award on Sunday 6 September...","og_url":"https:\/\/www.cincinnato.it\/en\/wine-and-jazz-with-joachim-florent-2\/","og_site_name":"Cincinnato Cooperativa Agricola","article_publisher":"https:\/\/www.facebook.com\/Cincinnatovini\/","article_published_time":"2020-08-31T09:30:12+00:00","article_modified_time":"2020-11-26T15:29:54+00:00","og_image":[{"width":1024,"height":819,"url":"https:\/\/www.cincinnato.it\/wp-content\/uploads\/2020\/08\/a-1024x819.png","type":"image\/png"}],"author":"Fabio Ciarla","twitter_card":"summary_large_image","twitter_creator":"@cincinnatovini","twitter_site":"@cincinnatovini","twitter_misc":{"Written by":"Fabio Ciarla","Est. reading time":"7 minutes"},"schema":{"@context":"https:\/\/schema.org","@graph":[{"@type":"Article","@id":"https:\/\/www.cincinnato.it\/en\/wine-and-jazz-with-joachim-florent-2\/#article","isPartOf":{"@id":"https:\/\/www.cincinnato.it\/en\/wine-and-jazz-with-joachim-florent-2\/"},"author":{"name":"Fabio Ciarla","@id":"http:\/\/13.81.169.4\/#\/schema\/person\/ae064db69d13cac942dbd31bb79b9c4e"},"headline":"Wine and Jazz","datePublished":"2020-08-31T09:30:12+00:00","dateModified":"2020-11-26T15:29:54+00:00","mainEntityOfPage":{"@id":"https:\/\/www.cincinnato.it\/en\/wine-and-jazz-with-joachim-florent-2\/"},"wordCount":1382,"publisher":{"@id":"http:\/\/13.81.169.4\/#organization"},"image":{"@id":"https:\/\/www.cincinnato.it\/en\/wine-and-jazz-with-joachim-florent-2\/#primaryimage"},"thumbnailUrl":"https:\/\/www.cincinnato.it\/wp-content\/uploads\/2020\/08\/a.png","keywords":["2019","cincinnato","lazio","report","vino","vintage"],"articleSection":["News"],"inLanguage":"en-US"},{"@type":"WebPage","@id":"https:\/\/www.cincinnato.it\/en\/wine-and-jazz-with-joachim-florent-2\/","url":"https:\/\/www.cincinnato.it\/en\/wine-and-jazz-with-joachim-florent-2\/","name":"Wine and Jazz with Joachim Florent - News - Cincinnato","isPartOf":{"@id":"http:\/\/13.81.169.4\/#website"},"primaryImageOfPage":{"@id":"https:\/\/www.cincinnato.it\/en\/wine-and-jazz-with-joachim-florent-2\/#primaryimage"},"image":{"@id":"https:\/\/www.cincinnato.it\/en\/wine-and-jazz-with-joachim-florent-2\/#primaryimage"},"thumbnailUrl":"https:\/\/www.cincinnato.it\/wp-content\/uploads\/2020\/08\/a.png","datePublished":"2020-08-31T09:30:12+00:00","dateModified":"2020-11-26T15:29:54+00:00","description":"The young double-bass player, Joachim Florent, will receive the Premio Cincinnato award on Sunday 6 September...","breadcrumb":{"@id":"https:\/\/www.cincinnato.it\/en\/wine-and-jazz-with-joachim-florent-2\/#breadcrumb"},"inLanguage":"en-US","potentialAction":[{"@type":"ReadAction","target":["https:\/\/www.cincinnato.it\/en\/wine-and-jazz-with-joachim-florent-2\/"]}]},{"@type":"ImageObject","inLanguage":"en-US","@id":"https:\/\/www.cincinnato.it\/en\/wine-and-jazz-with-joachim-florent-2\/#primaryimage","url":"https:\/\/www.cincinnato.it\/wp-content\/uploads\/2020\/08\/a.png","contentUrl":"https:\/\/www.cincinnato.it\/wp-content\/uploads\/2020\/08\/a.png","width":1400,"height":1120,"caption":"Joachim Florent"},{"@type":"BreadcrumbList","@id":"https:\/\/www.cincinnato.it\/en\/wine-and-jazz-with-joachim-florent-2\/#breadcrumb","itemListElement":[{"@type":"ListItem","position":1,"name":"Home","item":"https:\/\/13.81.169.4\/en\/"},{"@type":"ListItem","position":2,"name":"Wine and Jazz"}]},{"@type":"WebSite","@id":"http:\/\/13.81.169.4\/#website","url":"http:\/\/13.81.169.4\/","name":"Cincinnato","description":"Produzione Vini Cori Lazio- vitigni autoctoni Nero Buono e Bellone","publisher":{"@id":"http:\/\/13.81.169.4\/#organization"},"potentialAction":[{"@type":"SearchAction","target":{"@type":"EntryPoint","urlTemplate":"http:\/\/13.81.169.4\/?s={search_term_string}"},"query-input":{"@type":"PropertyValueSpecification","valueRequired":true,"valueName":"search_term_string"}}],"inLanguage":"en-US"},{"@type":"Organization","@id":"http:\/\/13.81.169.4\/#organization","name":"Cincinnato","url":"http:\/\/13.81.169.4\/","logo":{"@type":"ImageObject","inLanguage":"en-US","@id":"http:\/\/13.81.169.4\/#\/schema\/logo\/image\/","url":"https:\/\/cincinnato.it\/wp-content\/uploads\/2016\/11\/logo_cincinnato_gold.png","contentUrl":"https:\/\/cincinnato.it\/wp-content\/uploads\/2016\/11\/logo_cincinnato_gold.png","width":168,"height":70,"caption":"Cincinnato"},"image":{"@id":"http:\/\/13.81.169.4\/#\/schema\/logo\/image\/"},"sameAs":["https:\/\/www.facebook.com\/Cincinnatovini\/","https:\/\/x.com\/cincinnatovini","https:\/\/www.instagram.com\/cincinnatovini\/","https:\/\/www.linkedin.com\/company\/cincinnato-vini","https:\/\/www.youtube.com\/channel\/UCW7g47AriBpxYIiMiN-RNxA?view_as=subscriber"]},{"@type":"Person","@id":"http:\/\/13.81.169.4\/#\/schema\/person\/ae064db69d13cac942dbd31bb79b9c4e","name":"Fabio Ciarla","image":{"@type":"ImageObject","inLanguage":"en-US","@id":"http:\/\/13.81.169.4\/#\/schema\/person\/image\/","url":"http:\/\/cincinnato.it\/wp-content\/uploads\/2021\/05\/avatar_user_219_1621514439-96x96.jpg","contentUrl":"http:\/\/cincinnato.it\/wp-content\/uploads\/2021\/05\/avatar_user_219_1621514439-96x96.jpg","caption":"Fabio Ciarla"},"url":"https:\/\/www.cincinnato.it\/en\/author\/fabio-ciarla\/"}]}},"_links":{"self":[{"href":"https:\/\/www.cincinnato.it\/en\/wp-json\/wp\/v2\/posts\/7484"}],"collection":[{"href":"https:\/\/www.cincinnato.it\/en\/wp-json\/wp\/v2\/posts"}],"about":[{"href":"https:\/\/www.cincinnato.it\/en\/wp-json\/wp\/v2\/types\/post"}],"author":[{"embeddable":true,"href":"https:\/\/www.cincinnato.it\/en\/wp-json\/wp\/v2\/users\/219"}],"replies":[{"embeddable":true,"href":"https:\/\/www.cincinnato.it\/en\/wp-json\/wp\/v2\/comments?post=7484"}],"version-history":[{"count":12,"href":"https:\/\/www.cincinnato.it\/en\/wp-json\/wp\/v2\/posts\/7484\/revisions"}],"predecessor-version":[{"id":7967,"href":"https:\/\/www.cincinnato.it\/en\/wp-json\/wp\/v2\/posts\/7484\/revisions\/7967"}],"wp:featuredmedia":[{"embeddable":true,"href":"https:\/\/www.cincinnato.it\/en\/wp-json\/wp\/v2\/media\/7492"}],"wp:attachment":[{"href":"https:\/\/www.cincinnato.it\/en\/wp-json\/wp\/v2\/media?parent=7484"}],"wp:term":[{"taxonomy":"category","embeddable":true,"href":"https:\/\/www.cincinnato.it\/en\/wp-json\/wp\/v2\/categories?post=7484"},{"taxonomy":"post_tag","embeddable":true,"href":"https:\/\/www.cincinnato.it\/en\/wp-json\/wp\/v2\/tags?post=7484"}],"curies":[{"name":"wp","href":"https:\/\/api.w.org\/{rel}","templated":true}]}}